{"id":6253,"date":"2024-02-27T18:28:04","date_gmt":"2024-02-27T17:28:04","guid":{"rendered":"https:\/\/karatepraxis.wordpress.com\/?p=6251"},"modified":"2024-02-27T18:28:04","modified_gmt":"2024-02-27T17:28:04","slug":"wenn-du-dein-karate-besser-verstehen-willst","status":"publish","type":"post","link":"https:\/\/karatepraxis.com\/de\/wenn-du-dein-karate-besser-verstehen-willst","title":{"rendered":"Wenn du dein Karate besser verstehen willst&#8230;."},"content":{"rendered":"<p>Die \u00dcberschrift ist Programm!<\/p>\n\n\n\n<p>Ich glaube wir haben uns alle schon Mal gefragt:<\/p>\n\n\n\n<h2 class=\"wp-block-heading has-white-color has-vivid-red-background-color has-text-color has-background\">Was mache ich da eigentlich in der Kata!?<\/h2>\n\n\n\n<div class=\"wp-block-group is-nowrap is-layout-flex wp-container-core-group-is-layout-ad2f72ca wp-block-group-is-layout-flex\">\n<p>Wenn du nach antworten suchst die praktisch funktionieren und dir Informationen geben \u00fcber Taktik, Distanzmanagement, Alternativszenarien, Winkelpositionen und Prinzipien.<\/p>\n<\/div>\n\n\n\n<p>Dann bist du im M\u00e4rz und April bei diesen beiden Lehrg\u00e4ngen richtig.<\/p>\n\n\n\n<p>Melde dich jetzt an und sichere dir den Teilnehmerplatz, der dein Karate ver\u00e4ndern kann.<\/p>\n\n\n\n<p><a href=\"https:\/\/karatepraxis.wordpress.com\/termine\/\" rel=\"noopener\">Zur Anmeldung <\/a><\/p>\n\n\n\n<figure class=\"wp-block-image size-large\"><img decoding=\"async\" src=\"https:\/\/karatepraxis.wordpress.com\/wp-content\/uploads\/2024\/02\/2024_03_16_motiv-bunkai-we_bassai-dai-sho7282424287956622165.jpg?w=791\" alt=\"\" class=\"wp-image-6222\" \/><figcaption class=\"wp-element-caption\">Shotokan Kata Bassai Dai &amp; Sho Bunkai mit Christian Wedewardt <\/figcaption><\/figure>\n\n\n\n<figure class=\"wp-block-image size-large\"><img decoding=\"async\" src=\"https:\/\/karatepraxis.wordpress.com\/wp-content\/uploads\/2024\/02\/2024_04_13_motiv-bunkai-we_empi_sochin5558180445136960208.jpg?w=791\" alt=\"\" class=\"wp-image-6223\" \/><figcaption class=\"wp-element-caption\">Shotokan Kata Empi &amp; Sochin Bunkai mit Christian Wedewardt <\/figcaption><\/figure>","protected":false},"excerpt":{"rendered":"<p>Die \u00dcberschrift ist Programm! Ich glaube wir haben uns alle schon Mal gefragt: Was mache ich da eigentlich in der Kata!? Wenn du nach antworten suchst die praktisch funktionieren und dir Informationen geben \u00fcber Taktik, Distanzmanagement, Alternativszenarien, Winkelpositionen und Prinzipien. Dann bist du im M\u00e4rz und April bei diesen beiden Lehrg\u00e4ngen richtig. Melde dich jetzt [&hellip;]<\/p>\n","protected":false},"author":13,"featured_media":12954,"comment_status":"closed","ping_status":"closed","sticky":false,"template":"","format":"standard","meta":{"footnotes":""},"categories":[68],"tags":[31],"class_list":["post-6253","post","type-post","status-publish","format-standard","has-post-thumbnail","hentry","category-lehrgaenge","tag-karatepraxis-katabunkai-wca-christianwedewardt-karate-bunkai-kataapplication-dkv-selfdefense-kata-seminars-martialarts-moderntradition-shotokan-tenkyoryu-effectivebunkai-motivbunkai"],"_links":{"self":[{"href":"https:\/\/karatepraxis.com\/de\/wp-json\/wp\/v2\/posts\/6253","targetHints":{"allow":["GET"]}}],"collection":[{"href":"https:\/\/karatepraxis.com\/de\/wp-json\/wp\/v2\/posts"}],"about":[{"href":"https:\/\/karatepraxis.com\/de\/wp-json\/wp\/v2\/types\/post"}],"author":[{"embeddable":true,"href":"https:\/\/karatepraxis.com\/de\/wp-json\/wp\/v2\/users\/13"}],"replies":[{"embeddable":true,"href":"https:\/\/karatepraxis.com\/de\/wp-json\/wp\/v2\/comments?post=6253"}],"version-history":[{"count":0,"href":"https:\/\/karatepraxis.com\/de\/wp-json\/wp\/v2\/posts\/6253\/revisions"}],"wp:featuredmedia":[{"embeddable":true,"href":"https:\/\/karatepraxis.com\/de\/wp-json\/wp\/v2\/media\/12954"}],"wp:attachment":[{"href":"https:\/\/karatepraxis.com\/de\/wp-json\/wp\/v2\/media?parent=6253"}],"wp:term":[{"taxonomy":"category","embeddable":true,"href":"https:\/\/karatepraxis.com\/de\/wp-json\/wp\/v2\/categories?post=6253"},{"taxonomy":"post_tag","embeddable":true,"href":"https:\/\/karatepraxis.com\/de\/wp-json\/wp\/v2\/tags?post=6253"}],"curies":[{"name":"wp","href":"https:\/\/api.w.org\/{rel}","templated":true}]}}