{"id":6245,"date":"2024-02-25T13:22:55","date_gmt":"2024-02-25T12:22:55","guid":{"rendered":"https:\/\/karatepraxis.wordpress.com\/?p=6245"},"modified":"2024-02-25T13:22:55","modified_gmt":"2024-02-25T12:22:55","slug":"1-karatepraxis-safewoman-lg-mit-tine-wedewardt","status":"publish","type":"post","link":"https:\/\/karatepraxis.com\/de\/1-karatepraxis-safewoman-lg-mit-tine-wedewardt","title":{"rendered":"1. Karatepraxis Safewoman LG mit Tine Wedewardt"},"content":{"rendered":"<p>Selbstverteidigung von Frauen f\u00fcr Frauen. Das ist etwas, was viel zu wenig angeboten wird!<\/p>\n\n\n\n<p><strong>Frauen kennen das bestimmt:<\/strong><\/p>\n\n\n\n<p class=\"has-text-align-center has-white-color has-vivid-red-background-color has-text-color has-background\">Wie soll ich das denn schaffen was der Mann da vorne als Selbstverteidigung erkl\u00e4rt.<\/p>\n\n\n\n<p>Christina (Tine) Wedewardt hat L\u00f6sungen sowohl in Softskills wie auch technisch f\u00fcr M\u00e4dchen und Frauen.<\/p>\n\n\n\n<p>Meldet euch jetzt an und bekommt einen neuen Zugang zum Thema Karate-SV<\/p>\n\n\n\n<p>Email: safewoman@karatepraxis.com<\/p>\n\n\n\n<figure class=\"wp-block-image size-large\"><img decoding=\"async\" src=\"https:\/\/karatepraxis.wordpress.com\/wp-content\/uploads\/2024\/02\/2024_03_23_safewoman_kursfrechen_v2483642523329039188.jpg?w=573\" alt=\"\" class=\"wp-image-6243\"\/><figcaption class=\"wp-element-caption\">Tine Wedewardt Safewoman LG in Frechen am 23.03.2024<\/figcaption><\/figure>","protected":false},"excerpt":{"rendered":"<p>Selbstverteidigung von Frauen f\u00fcr Frauen. Das ist etwas, was viel zu wenig angeboten wird! Frauen kennen das bestimmt: Wie soll ich das denn schaffen was der Mann da vorne als Selbstverteidigung erkl\u00e4rt. Christina (Tine) Wedewardt hat L\u00f6sungen sowohl in Softskills wie auch technisch f\u00fcr M\u00e4dchen und Frauen. Meldet euch jetzt an und bekommt einen neuen [&hellip;]<\/p>\n","protected":false},"author":13,"featured_media":7447,"comment_status":"closed","ping_status":"closed","sticky":false,"template":"","format":"standard","meta":{"footnotes":""},"categories":[68],"tags":[31],"class_list":["post-6245","post","type-post","status-publish","format-standard","has-post-thumbnail","hentry","category-lehrgaenge","tag-karatepraxis-katabunkai-wca-christianwedewardt-karate-bunkai-kataapplication-dkv-selfdefense-kata-seminars-martialarts-moderntradition-shotokan-tenkyoryu-effectivebunkai-motivbunkai"],"_links":{"self":[{"href":"https:\/\/karatepraxis.com\/de\/wp-json\/wp\/v2\/posts\/6245","targetHints":{"allow":["GET"]}}],"collection":[{"href":"https:\/\/karatepraxis.com\/de\/wp-json\/wp\/v2\/posts"}],"about":[{"href":"https:\/\/karatepraxis.com\/de\/wp-json\/wp\/v2\/types\/post"}],"author":[{"embeddable":true,"href":"https:\/\/karatepraxis.com\/de\/wp-json\/wp\/v2\/users\/13"}],"replies":[{"embeddable":true,"href":"https:\/\/karatepraxis.com\/de\/wp-json\/wp\/v2\/comments?post=6245"}],"version-history":[{"count":0,"href":"https:\/\/karatepraxis.com\/de\/wp-json\/wp\/v2\/posts\/6245\/revisions"}],"wp:featuredmedia":[{"embeddable":true,"href":"https:\/\/karatepraxis.com\/de\/wp-json\/wp\/v2\/media\/7447"}],"wp:attachment":[{"href":"https:\/\/karatepraxis.com\/de\/wp-json\/wp\/v2\/media?parent=6245"}],"wp:term":[{"taxonomy":"category","embeddable":true,"href":"https:\/\/karatepraxis.com\/de\/wp-json\/wp\/v2\/categories?post=6245"},{"taxonomy":"post_tag","embeddable":true,"href":"https:\/\/karatepraxis.com\/de\/wp-json\/wp\/v2\/tags?post=6245"}],"curies":[{"name":"wp","href":"https:\/\/api.w.org\/{rel}","templated":true}]}}