{"id":6236,"date":"2024-02-21T21:05:55","date_gmt":"2024-02-21T20:05:55","guid":{"rendered":"https:\/\/karatepraxis.wordpress.com\/?p=6236"},"modified":"2024-02-21T21:05:55","modified_gmt":"2024-02-21T20:05:55","slug":"juergen-hoeller-shobushinkai-lg-in-bonn-23-maerz","status":"publish","type":"post","link":"https:\/\/karatepraxis.com\/de\/juergen-hoeller-shobushinkai-lg-in-bonn-23-maerz","title":{"rendered":"J\u00fcrgen H\u00f6ller Shobushinkai LG in Bonn 23. M\u00e4rz"},"content":{"rendered":"<p>Liebe Karatepraxis Freunde, <\/p>\n\n\n\n<p>wenn ihr es noch nicht erlebt habt, ist das hier eure Chance.<\/p>\n\n\n\n<p>Meldet euch an und trainiert mit J\u00fcrgen. Eine absolute Horizonterweiterung.<\/p>\n\n\n\n<figure class=\"wp-block-image size-large\"><img decoding=\"async\" src=\"https:\/\/karatepraxis.wordpress.com\/wp-content\/uploads\/2024\/02\/img-20240221-wa00025045431584863040839.jpg?w=724\" alt=\"\" class=\"wp-image-6235\" \/><figcaption class=\"wp-element-caption\">J\u00fcrgen H\u00f6ller Karatelehrgang in Bonn <\/figcaption><\/figure>","protected":false},"excerpt":{"rendered":"<p>Liebe Karatepraxis Freunde, wenn ihr es noch nicht erlebt habt, ist das hier eure Chance. Meldet euch an und trainiert mit J\u00fcrgen. Eine absolute Horizonterweiterung.<\/p>","protected":false},"author":13,"featured_media":6238,"comment_status":"closed","ping_status":"closed","sticky":false,"template":"","format":"standard","meta":{"footnotes":""},"categories":[68],"tags":[],"class_list":["post-6236","post","type-post","status-publish","format-standard","has-post-thumbnail","hentry","category-lehrgaenge"],"_links":{"self":[{"href":"https:\/\/karatepraxis.com\/de\/wp-json\/wp\/v2\/posts\/6236","targetHints":{"allow":["GET"]}}],"collection":[{"href":"https:\/\/karatepraxis.com\/de\/wp-json\/wp\/v2\/posts"}],"about":[{"href":"https:\/\/karatepraxis.com\/de\/wp-json\/wp\/v2\/types\/post"}],"author":[{"embeddable":true,"href":"https:\/\/karatepraxis.com\/de\/wp-json\/wp\/v2\/users\/13"}],"replies":[{"embeddable":true,"href":"https:\/\/karatepraxis.com\/de\/wp-json\/wp\/v2\/comments?post=6236"}],"version-history":[{"count":0,"href":"https:\/\/karatepraxis.com\/de\/wp-json\/wp\/v2\/posts\/6236\/revisions"}],"wp:featuredmedia":[{"embeddable":true,"href":"https:\/\/karatepraxis.com\/de\/wp-json\/"}],"wp:attachment":[{"href":"https:\/\/karatepraxis.com\/de\/wp-json\/wp\/v2\/media?parent=6236"}],"wp:term":[{"taxonomy":"category","embeddable":true,"href":"https:\/\/karatepraxis.com\/de\/wp-json\/wp\/v2\/categories?post=6236"},{"taxonomy":"post_tag","embeddable":true,"href":"https:\/\/karatepraxis.com\/de\/wp-json\/wp\/v2\/tags?post=6236"}],"curies":[{"name":"wp","href":"https:\/\/api.w.org\/{rel}","templated":true}]}}