{"id":6226,"date":"2024-02-14T12:31:09","date_gmt":"2024-02-14T11:31:09","guid":{"rendered":"https:\/\/karatepraxis.wordpress.com\/?p=6226"},"modified":"2024-02-14T12:31:09","modified_gmt":"2024-02-14T11:31:09","slug":"karatepraxis-mit-christian-wedewardt-feb-mrz","status":"publish","type":"post","link":"https:\/\/karatepraxis.com\/de\/karatepraxis-mit-christian-wedewardt-feb-mrz","title":{"rendered":"Karatepraxis mit Christian Wedewardt Feb\/Mrz"},"content":{"rendered":"<p class=\"has-white-color has-vivid-red-background-color has-text-color has-background\"><strong>K\u00f6ln Porz, Klein Nordende \/ Elmshorn, Hamburg und Frechen <\/strong><\/p>\n\n\n\n<p>Inspiration ist die Quelle f\u00fcr Neues. Ich glaube fest daran, dass unsere Karate-Vorv\u00e4ter die Weiterentwicklung unseres Karates sehr positiv sehen w\u00fcrden, denn sie haben ja auch weiterentwickelt und ver\u00e4ndert!<\/p>\n\n\n\n<p>M\u00f6chtest auch du dein Karate Weiterentwickeln und dich inspirieren lassen? <\/p>\n\n\n\n<p>Dann haben wir hier drei tolle Angebote f\u00fcr dich. <\/p>\n\n\n\n<p>Melde dich am besten sofort an!<\/p>\n\n\n\n<figure class=\"wp-block-image size-large\"><img decoding=\"async\" src=\"https:\/\/karatepraxis.wordpress.com\/wp-content\/uploads\/2024\/02\/inshot_20240201_0952112048439601096861425945.jpg?w=1024\" alt=\"\" class=\"wp-image-6213\" \/><figcaption class=\"wp-element-caption\">Ludwig Binder und Christian Wedewardt in K\u00f6ln Porz<\/figcaption><\/figure>\n\n\n\n<hr class=\"wp-block-separator has-alpha-channel-opacity\" \/>\n\n\n\n<figure class=\"wp-block-image size-large\"><img decoding=\"async\" src=\"https:\/\/karatepraxis.wordpress.com\/wp-content\/uploads\/2024\/02\/screenshot_2024-02-14-16-01-50-332_com1433531840709052095.jpg?w=686\" alt=\"\" class=\"wp-image-6229\" \/><figcaption class=\"wp-element-caption\">Karatepraxis mit Christian Wedewardt <\/figcaption><\/figure>\n\n\n\n<hr class=\"wp-block-separator has-alpha-channel-opacity\" \/>\n\n\n\n<hr class=\"wp-block-separator has-alpha-channel-opacity\" \/>\n\n\n\n<figure class=\"wp-block-image\"><img decoding=\"async\" src=\"https:\/\/karatepraxis.wordpress.com\/wp-content\/uploads\/2024\/02\/2024_03_16_motiv-bunkai-we_bassai-dai-sho7282424287956622165.jpg?w=791\" alt=\"\" class=\"wp-image-6222\" \/><figcaption class=\"wp-element-caption\">Motiv Bunkai mit Christian Wedewardt<\/figcaption><\/figure>\n\n\n\n<hr class=\"wp-block-separator has-alpha-channel-opacity\" \/>\n\n\n\n<figure class=\"wp-block-image\"><img decoding=\"async\" src=\"https:\/\/karatepraxis.wordpress.com\/wp-content\/uploads\/2024\/02\/2024_04_13_motiv-bunkai-we_empi_sochin5558180445136960208.jpg?w=791\" alt=\"\" class=\"wp-image-6223\" \/><\/figure>\n\n\n\n<p>Melde dich jetzt an und bringe dich auf ein neues Level im Bunkai und KARATE-SV<\/p>\n\n\n\n<p>Info@karatepraxis.com<\/p>","protected":false},"excerpt":{"rendered":"<p>K\u00f6ln Porz, Klein Nordende \/ Elmshorn, Hamburg und Frechen Inspiration ist die Quelle f\u00fcr Neues. Ich glaube fest daran, dass unsere Karate-Vorv\u00e4ter die Weiterentwicklung unseres Karates sehr positiv sehen w\u00fcrden, denn sie haben ja auch weiterentwickelt und ver\u00e4ndert! M\u00f6chtest auch du dein Karate Weiterentwickeln und dich inspirieren lassen? Dann haben wir hier drei tolle Angebote [&hellip;]<\/p>\n","protected":false},"author":13,"featured_media":6225,"comment_status":"closed","ping_status":"closed","sticky":false,"template":"","format":"standard","meta":{"footnotes":""},"categories":[68],"tags":[31],"class_list":["post-6226","post","type-post","status-publish","format-standard","has-post-thumbnail","hentry","category-lehrgaenge","tag-karatepraxis-katabunkai-wca-christianwedewardt-karate-bunkai-kataapplication-dkv-selfdefense-kata-seminars-martialarts-moderntradition-shotokan-tenkyoryu-effectivebunkai-motivbunkai"],"_links":{"self":[{"href":"https:\/\/karatepraxis.com\/de\/wp-json\/wp\/v2\/posts\/6226","targetHints":{"allow":["GET"]}}],"collection":[{"href":"https:\/\/karatepraxis.com\/de\/wp-json\/wp\/v2\/posts"}],"about":[{"href":"https:\/\/karatepraxis.com\/de\/wp-json\/wp\/v2\/types\/post"}],"author":[{"embeddable":true,"href":"https:\/\/karatepraxis.com\/de\/wp-json\/wp\/v2\/users\/13"}],"replies":[{"embeddable":true,"href":"https:\/\/karatepraxis.com\/de\/wp-json\/wp\/v2\/comments?post=6226"}],"version-history":[{"count":0,"href":"https:\/\/karatepraxis.com\/de\/wp-json\/wp\/v2\/posts\/6226\/revisions"}],"wp:featuredmedia":[{"embeddable":true,"href":"https:\/\/karatepraxis.com\/de\/wp-json\/"}],"wp:attachment":[{"href":"https:\/\/karatepraxis.com\/de\/wp-json\/wp\/v2\/media?parent=6226"}],"wp:term":[{"taxonomy":"category","embeddable":true,"href":"https:\/\/karatepraxis.com\/de\/wp-json\/wp\/v2\/categories?post=6226"},{"taxonomy":"post_tag","embeddable":true,"href":"https:\/\/karatepraxis.com\/de\/wp-json\/wp\/v2\/tags?post=6226"}],"curies":[{"name":"wp","href":"https:\/\/api.w.org\/{rel}","templated":true}]}}