{"id":6193,"date":"2023-12-11T18:31:47","date_gmt":"2023-12-11T17:31:47","guid":{"rendered":"https:\/\/karatepraxis.wordpress.com\/?p=6193"},"modified":"2023-12-11T18:31:47","modified_gmt":"2023-12-11T17:31:47","slug":"freude-schenken-mit-karatepraxis","status":"publish","type":"post","link":"https:\/\/karatepraxis.com\/de\/freude-schenken-mit-karatepraxis","title":{"rendered":"Freude schenken mit Karatepraxis"},"content":{"rendered":"<p>Es gibt kaum einen sch\u00f6neren Grund sich zu freuen als zu sehen wie andere sich freuen!<\/p>\n\n\n\n<p class=\"has-text-align-center has-white-color has-vivid-red-background-color has-text-color has-background\">Deshalb gibt es dieses Jahr den Karatepraxis Gutschein zum verschenken. <\/p>\n\n\n\n<p>Er wird digital zugestellt und kann bei Christian Wedewardt direkt eingel\u00f6st werden, z.B. f\u00fcr<\/p>\n\n\n\n<ul class=\"wp-block-list\">\n<li>Karatepraxis Gi<\/li>\n\n\n\n<li>Fokus Pad (kleine Handpratzen)<\/li>\n\n\n\n<li>T-Shirts<\/li>\n\n\n\n<li>Softshell Weste<\/li>\n\n\n\n<li>B\u00fccher <\/li>\n\n\n\n<li>Und nat\u00fcrlich f\u00fcr alle seine Lehrg\u00e4nge inkl. Karatepraxis Retreats.<\/li>\n\n\n\n<li>Gutscheine erh\u00e4ltlich in beliebiger, gew\u00fcnschter H\u00f6he <\/li>\n<\/ul>\n\n\n\n<figure class=\"wp-block-image size-large\"><img decoding=\"async\" src=\"https:\/\/karatepraxis.wordpress.com\/wp-content\/uploads\/2023\/12\/inshot_20231211_1807284144504549112741554083.jpg?w=1024\" alt=\"\" class=\"wp-image-6191\"\/><figcaption class=\"wp-element-caption\">Karatepraxis Gutschein<\/figcaption><\/figure>\n\n\n\n<p>Einfach Email an:<\/p>\n\n\n\n<p>Info@karatepraxis.com<\/p>","protected":false},"excerpt":{"rendered":"<p>Es gibt kaum einen sch\u00f6neren Grund sich zu freuen als zu sehen wie andere sich freuen! Deshalb gibt es dieses Jahr den Karatepraxis Gutschein zum verschenken. Er wird digital zugestellt und kann bei Christian Wedewardt direkt eingel\u00f6st werden, z.B. f\u00fcr Einfach Email an: Info@karatepraxis.com<\/p>","protected":false},"author":13,"featured_media":6194,"comment_status":"closed","ping_status":"closed","sticky":false,"template":"","format":"standard","meta":{"footnotes":""},"categories":[68],"tags":[],"class_list":["post-6193","post","type-post","status-publish","format-standard","has-post-thumbnail","hentry","category-lehrgaenge"],"_links":{"self":[{"href":"https:\/\/karatepraxis.com\/de\/wp-json\/wp\/v2\/posts\/6193","targetHints":{"allow":["GET"]}}],"collection":[{"href":"https:\/\/karatepraxis.com\/de\/wp-json\/wp\/v2\/posts"}],"about":[{"href":"https:\/\/karatepraxis.com\/de\/wp-json\/wp\/v2\/types\/post"}],"author":[{"embeddable":true,"href":"https:\/\/karatepraxis.com\/de\/wp-json\/wp\/v2\/users\/13"}],"replies":[{"embeddable":true,"href":"https:\/\/karatepraxis.com\/de\/wp-json\/wp\/v2\/comments?post=6193"}],"version-history":[{"count":0,"href":"https:\/\/karatepraxis.com\/de\/wp-json\/wp\/v2\/posts\/6193\/revisions"}],"wp:featuredmedia":[{"embeddable":true,"href":"https:\/\/karatepraxis.com\/de\/wp-json\/"}],"wp:attachment":[{"href":"https:\/\/karatepraxis.com\/de\/wp-json\/wp\/v2\/media?parent=6193"}],"wp:term":[{"taxonomy":"category","embeddable":true,"href":"https:\/\/karatepraxis.com\/de\/wp-json\/wp\/v2\/categories?post=6193"},{"taxonomy":"post_tag","embeddable":true,"href":"https:\/\/karatepraxis.com\/de\/wp-json\/wp\/v2\/tags?post=6193"}],"curies":[{"name":"wp","href":"https:\/\/api.w.org\/{rel}","templated":true}]}}