{"id":6181,"date":"2023-12-08T12:17:38","date_gmt":"2023-12-08T11:17:38","guid":{"rendered":"https:\/\/karatepraxis.wordpress.com\/?p=6181"},"modified":"2023-12-08T12:17:38","modified_gmt":"2023-12-08T11:17:38","slug":"kobudo-im-sok-kdnw","status":"publish","type":"post","link":"https:\/\/karatepraxis.com\/de\/kobudo-im-sok-kdnw","title":{"rendered":"Kobudo im SOK \/ KDNW"},"content":{"rendered":"<p>Ein tolles Angebot in K\u00f6ln Porz Z\u00fcndorf op dr sch\u00e4l Sick.<\/p>\n\n\n\n<figure class=\"wp-block-image size-large\"><img decoding=\"async\" src=\"https:\/\/karatepraxis.wordpress.com\/wp-content\/uploads\/2023\/12\/screenshot_2023-12-08-12-09-07-062_com6261219862483721454.jpg?w=696\" alt=\"\" class=\"wp-image-6182\" \/><\/figure>","protected":false},"excerpt":{"rendered":"<p>Ein tolles Angebot in K\u00f6ln Porz Z\u00fcndorf op dr sch\u00e4l Sick.<\/p>","protected":false},"author":13,"featured_media":6185,"comment_status":"closed","ping_status":"closed","sticky":false,"template":"","format":"standard","meta":{"footnotes":""},"categories":[68],"tags":[],"class_list":["post-6181","post","type-post","status-publish","format-standard","has-post-thumbnail","hentry","category-lehrgaenge"],"_links":{"self":[{"href":"https:\/\/karatepraxis.com\/de\/wp-json\/wp\/v2\/posts\/6181","targetHints":{"allow":["GET"]}}],"collection":[{"href":"https:\/\/karatepraxis.com\/de\/wp-json\/wp\/v2\/posts"}],"about":[{"href":"https:\/\/karatepraxis.com\/de\/wp-json\/wp\/v2\/types\/post"}],"author":[{"embeddable":true,"href":"https:\/\/karatepraxis.com\/de\/wp-json\/wp\/v2\/users\/13"}],"replies":[{"embeddable":true,"href":"https:\/\/karatepraxis.com\/de\/wp-json\/wp\/v2\/comments?post=6181"}],"version-history":[{"count":0,"href":"https:\/\/karatepraxis.com\/de\/wp-json\/wp\/v2\/posts\/6181\/revisions"}],"wp:featuredmedia":[{"embeddable":true,"href":"https:\/\/karatepraxis.com\/de\/wp-json\/"}],"wp:attachment":[{"href":"https:\/\/karatepraxis.com\/de\/wp-json\/wp\/v2\/media?parent=6181"}],"wp:term":[{"taxonomy":"category","embeddable":true,"href":"https:\/\/karatepraxis.com\/de\/wp-json\/wp\/v2\/categories?post=6181"},{"taxonomy":"post_tag","embeddable":true,"href":"https:\/\/karatepraxis.com\/de\/wp-json\/wp\/v2\/tags?post=6181"}],"curies":[{"name":"wp","href":"https:\/\/api.w.org\/{rel}","templated":true}]}}