{"id":6162,"date":"2023-11-24T09:49:47","date_gmt":"2023-11-24T08:49:47","guid":{"rendered":"https:\/\/karatepraxis.wordpress.com\/?p=6162"},"modified":"2023-11-24T09:49:47","modified_gmt":"2023-11-24T08:49:47","slug":"6162-2","status":"publish","type":"post","link":"https:\/\/karatepraxis.com\/de\/6162-2","title":{"rendered":"Pratzengeballer in Lindlar"},"content":{"rendered":"<p>Morgen geht&#8217;s los in Lindlar.<br>Empi Bunkai und &#8220;PRATZENGEBALLER&#8221;<br><br>Geeignet f\u00fcr alle G\u00fcrtelgrade ab Wei\u00dfgurt.<\/p>\n\n\n\n<figure class=\"wp-block-gallery has-nested-images columns-default is-cropped wp-block-gallery-1 is-layout-flex wp-block-gallery-is-layout-flex\">\n<figure class=\"wp-block-image\"><img decoding=\"async\" data-id=\"6159\" src=\"https:\/\/karatepraxis.wordpress.com\/wp-content\/uploads\/2023\/11\/img_20231124_094621_7092808066023557088112.jpg?w=1024\" alt=\"\" class=\"wp-image-6159\" \/><\/figure>\n\n\n\n<figure class=\"wp-block-image\"><img decoding=\"async\" data-id=\"6160\" src=\"https:\/\/karatepraxis.wordpress.com\/wp-content\/uploads\/2023\/11\/img_20231124_094621_7414324514028164424853.jpg?w=1024\" alt=\"\" class=\"wp-image-6160\" \/><\/figure>\n<\/figure>","protected":false},"excerpt":{"rendered":"<p>Morgen geht&#8217;s los in Lindlar.Empi Bunkai und &#8220;PRATZENGEBALLER&#8221; Geeignet f\u00fcr alle G\u00fcrtelgrade ab Wei\u00dfgurt.<\/p>","protected":false},"author":13,"featured_media":6161,"comment_status":"closed","ping_status":"closed","sticky":false,"template":"","format":"standard","meta":{"footnotes":""},"categories":[68],"tags":[],"class_list":["post-6162","post","type-post","status-publish","format-standard","has-post-thumbnail","hentry","category-lehrgaenge"],"_links":{"self":[{"href":"https:\/\/karatepraxis.com\/de\/wp-json\/wp\/v2\/posts\/6162","targetHints":{"allow":["GET"]}}],"collection":[{"href":"https:\/\/karatepraxis.com\/de\/wp-json\/wp\/v2\/posts"}],"about":[{"href":"https:\/\/karatepraxis.com\/de\/wp-json\/wp\/v2\/types\/post"}],"author":[{"embeddable":true,"href":"https:\/\/karatepraxis.com\/de\/wp-json\/wp\/v2\/users\/13"}],"replies":[{"embeddable":true,"href":"https:\/\/karatepraxis.com\/de\/wp-json\/wp\/v2\/comments?post=6162"}],"version-history":[{"count":0,"href":"https:\/\/karatepraxis.com\/de\/wp-json\/wp\/v2\/posts\/6162\/revisions"}],"wp:featuredmedia":[{"embeddable":true,"href":"https:\/\/karatepraxis.com\/de\/wp-json\/"}],"wp:attachment":[{"href":"https:\/\/karatepraxis.com\/de\/wp-json\/wp\/v2\/media?parent=6162"}],"wp:term":[{"taxonomy":"category","embeddable":true,"href":"https:\/\/karatepraxis.com\/de\/wp-json\/wp\/v2\/categories?post=6162"},{"taxonomy":"post_tag","embeddable":true,"href":"https:\/\/karatepraxis.com\/de\/wp-json\/wp\/v2\/tags?post=6162"}],"curies":[{"name":"wp","href":"https:\/\/api.w.org\/{rel}","templated":true}]}}