{"id":6148,"date":"2023-11-23T17:16:14","date_gmt":"2023-11-23T16:16:14","guid":{"rendered":"https:\/\/karatepraxis.wordpress.com\/2023\/11\/19\/karatepraxis-bunkai-in-lindlar\/"},"modified":"2023-11-23T17:16:14","modified_gmt":"2023-11-23T16:16:14","slug":"karatepraxis-bunkai-in-lindlar","status":"publish","type":"post","link":"https:\/\/karatepraxis.com\/de\/karatepraxis-bunkai-in-lindlar","title":{"rendered":"Karatepraxis Bunkai in Lindlar"},"content":{"rendered":"<p>Zum Jahresende f\u00fcr mich geh\u00f6rt seit 2008 der Lehrgang in Lindlar.<\/p>\n\n\n\n<p>Dieses Jahr werden wir uns um die Kata Empi k\u00fcmmern. <\/p>\n\n\n\n<p>Es wird toll.<\/p>\n\n\n\n<p>Denn Empi Bunkai ist das Thema meines n\u00e4chsten Buchs. Es ist schon fertig geschrieben und zur Zeit im Layout. <\/p>\n\n\n\n<p>Kommt nach Lindlar und bekommt einen Einblick in Motiv Bunkai zur Verteidigung des unteren K\u00f6rperbereichs.<\/p>\n\n\n\n<p>Und, ja, &#8230;. Nach dem Training gibt&#8217;s die M\u00f6glichkeit auf eine Drink und was zu essen.<\/p>\n\n\n\n<p>Also los&#8230;. Anmelden ist eine gute Idee.<\/p>\n\n\n\n<figure class=\"wp-block-image size-large\"><img decoding=\"async\" src=\"https:\/\/karatepraxis.wordpress.com\/wp-content\/uploads\/2023\/11\/2023_11_25_kata-effektiv-bunkai_lindlar.jpg?w=724\" alt=\"\" class=\"wp-image-6094\" \/><figcaption class=\"wp-element-caption\">Christian Wedewardt Motiv Bunkai Shotokan Kata Empi <\/figcaption><\/figure>","protected":false},"excerpt":{"rendered":"<p>Zum Jahresende f\u00fcr mich geh\u00f6rt seit 2008 der Lehrgang in Lindlar. Dieses Jahr werden wir uns um die Kata Empi k\u00fcmmern. Es wird toll. Denn Empi Bunkai ist das Thema meines n\u00e4chsten Buchs. Es ist schon fertig geschrieben und zur Zeit im Layout. Kommt nach Lindlar und bekommt einen Einblick in Motiv Bunkai zur Verteidigung [&hellip;]<\/p>\n","protected":false},"author":13,"featured_media":6156,"comment_status":"closed","ping_status":"closed","sticky":false,"template":"","format":"standard","meta":{"footnotes":""},"categories":[68],"tags":[],"class_list":["post-6148","post","type-post","status-publish","format-standard","has-post-thumbnail","hentry","category-lehrgaenge"],"_links":{"self":[{"href":"https:\/\/karatepraxis.com\/de\/wp-json\/wp\/v2\/posts\/6148","targetHints":{"allow":["GET"]}}],"collection":[{"href":"https:\/\/karatepraxis.com\/de\/wp-json\/wp\/v2\/posts"}],"about":[{"href":"https:\/\/karatepraxis.com\/de\/wp-json\/wp\/v2\/types\/post"}],"author":[{"embeddable":true,"href":"https:\/\/karatepraxis.com\/de\/wp-json\/wp\/v2\/users\/13"}],"replies":[{"embeddable":true,"href":"https:\/\/karatepraxis.com\/de\/wp-json\/wp\/v2\/comments?post=6148"}],"version-history":[{"count":0,"href":"https:\/\/karatepraxis.com\/de\/wp-json\/wp\/v2\/posts\/6148\/revisions"}],"wp:featuredmedia":[{"embeddable":true,"href":"https:\/\/karatepraxis.com\/de\/wp-json\/"}],"wp:attachment":[{"href":"https:\/\/karatepraxis.com\/de\/wp-json\/wp\/v2\/media?parent=6148"}],"wp:term":[{"taxonomy":"category","embeddable":true,"href":"https:\/\/karatepraxis.com\/de\/wp-json\/wp\/v2\/categories?post=6148"},{"taxonomy":"post_tag","embeddable":true,"href":"https:\/\/karatepraxis.com\/de\/wp-json\/wp\/v2\/tags?post=6148"}],"curies":[{"name":"wp","href":"https:\/\/api.w.org\/{rel}","templated":true}]}}