{"id":6140,"date":"2024-01-11T10:43:55","date_gmt":"2024-01-11T09:43:55","guid":{"rendered":"https:\/\/karatepraxis.wordpress.com\/?p=6140"},"modified":"2024-01-11T10:43:55","modified_gmt":"2024-01-11T09:43:55","slug":"karatepraxis-karate-sv-retreat-okt-24","status":"publish","type":"post","link":"https:\/\/karatepraxis.com\/de\/karatepraxis-karate-sv-retreat-okt-24","title":{"rendered":"Karatepraxis KARATE-SV Retreat Okt. 24"},"content":{"rendered":"<p><strong>Es ist &#8220;verr\u00fcckt&#8221;&#8230;. In einer guten Art!!!<\/strong><\/p>\n\n\n\n<p>Das KARATE-SV Retreat im Oktober 2024 ist mit 75% fast ausgebucht.<\/p>\n\n\n\n<p class=\"has-white-color has-vivid-red-background-color has-text-color has-background\">Herzlichen Dank f\u00fcr Euer Vertrauen! Ich verspreche ein tolles Event!<\/p>\n\n\n\n<p>Ein v\u00f6llig neues Konzept auf Karatepraxis-Castle.<br \/>Karate-SV Basis intensiv Kurs.<br \/>Donnerstag bis Sonntag ca. 18 Zeitstunden Training von De-Eskalation \u00fcber Strategien, Distanzen, Prinzipien und Mindset.<br \/>Diese 4 Tage machen aus dir keinen K\u00f6nner, aber sie schaffen ein Grundverst\u00e4ndnis dar\u00fcber wie dein Karate zur Selbstverteidigung wird. Nach diesem LG brauchst du nur noch weiter \u00fcben.<\/p>\n\n\n\n<p>Die Inhalte sind geeignet f\u00fcr fortgeschrittene im Bereich SV genauso wie f\u00fcr Anf\u00e4nger.<\/p>\n\n\n\n<p>Dieser LG wir dein Karate ver\u00e4ndern.<\/p>\n\n\n\n<figure class=\"wp-block-gallery has-nested-images columns-default is-cropped wp-block-gallery-1 is-layout-flex wp-block-gallery-is-layout-flex\">\n<figure class=\"wp-block-image\"><img decoding=\"async\" data-id=\"6068\" src=\"https:\/\/karatepraxis.wordpress.com\/wp-content\/uploads\/2023\/11\/wp-16997837582666916014612003146645.jpg\" alt=\"\" class=\"wp-image-6068\" \/><\/figure>\n\n\n\n<figure class=\"wp-block-image\"><img decoding=\"async\" data-id=\"6070\" src=\"https:\/\/karatepraxis.wordpress.com\/wp-content\/uploads\/2023\/11\/wp-16997837581054046276042916342467.jpg\" alt=\"\" class=\"wp-image-6070\" \/><\/figure>\n<\/figure>\n\n\n\n<figure class=\"wp-block-gallery has-nested-images columns-default is-cropped wp-block-gallery-2 is-layout-flex wp-block-gallery-is-layout-flex\">\n<figure class=\"wp-block-image\"><img decoding=\"async\" data-id=\"6067\" src=\"https:\/\/karatepraxis.wordpress.com\/wp-content\/uploads\/2023\/11\/wp-16997837579407880766712816348314.jpg\" alt=\"\" class=\"wp-image-6067\" \/><\/figure>\n<\/figure>\n\n\n\n<p><a href=\"https:\/\/karatepraxis.wordpress.com\/termine\/karatepraxis-castle-retreat\/\" target=\"_blank\" rel=\"noreferrer noopener\">Und hier geht&#8217;s zur Anmeldung<\/a><\/p>\n\n\n\n<p><\/p>","protected":false},"excerpt":{"rendered":"<p>Es ist &#8220;verr\u00fcckt&#8221;&#8230;. In einer guten Art!!! Das KARATE-SV Retreat im Oktober 2024 ist mit 75% fast ausgebucht. Herzlichen Dank f\u00fcr Euer Vertrauen! Ich verspreche ein tolles Event! Ein v\u00f6llig neues Konzept auf Karatepraxis-Castle.Karate-SV Basis intensiv Kurs.Donnerstag bis Sonntag ca. 18 Zeitstunden Training von De-Eskalation \u00fcber Strategien, Distanzen, Prinzipien und Mindset.Diese 4 Tage machen aus [&hellip;]<\/p>\n","protected":false},"author":13,"featured_media":6141,"comment_status":"closed","ping_status":"closed","sticky":false,"template":"","format":"standard","meta":{"footnotes":""},"categories":[68],"tags":[],"class_list":["post-6140","post","type-post","status-publish","format-standard","has-post-thumbnail","hentry","category-lehrgaenge"],"_links":{"self":[{"href":"https:\/\/karatepraxis.com\/de\/wp-json\/wp\/v2\/posts\/6140","targetHints":{"allow":["GET"]}}],"collection":[{"href":"https:\/\/karatepraxis.com\/de\/wp-json\/wp\/v2\/posts"}],"about":[{"href":"https:\/\/karatepraxis.com\/de\/wp-json\/wp\/v2\/types\/post"}],"author":[{"embeddable":true,"href":"https:\/\/karatepraxis.com\/de\/wp-json\/wp\/v2\/users\/13"}],"replies":[{"embeddable":true,"href":"https:\/\/karatepraxis.com\/de\/wp-json\/wp\/v2\/comments?post=6140"}],"version-history":[{"count":0,"href":"https:\/\/karatepraxis.com\/de\/wp-json\/wp\/v2\/posts\/6140\/revisions"}],"wp:featuredmedia":[{"embeddable":true,"href":"https:\/\/karatepraxis.com\/de\/wp-json\/"}],"wp:attachment":[{"href":"https:\/\/karatepraxis.com\/de\/wp-json\/wp\/v2\/media?parent=6140"}],"wp:term":[{"taxonomy":"category","embeddable":true,"href":"https:\/\/karatepraxis.com\/de\/wp-json\/wp\/v2\/categories?post=6140"},{"taxonomy":"post_tag","embeddable":true,"href":"https:\/\/karatepraxis.com\/de\/wp-json\/wp\/v2\/tags?post=6140"}],"curies":[{"name":"wp","href":"https:\/\/api.w.org\/{rel}","templated":true}]}}