{"id":6121,"date":"2023-11-12T14:13:18","date_gmt":"2023-11-12T13:13:18","guid":{"rendered":"https:\/\/karatepraxis.wordpress.com\/?p=6121"},"modified":"2023-11-12T14:13:18","modified_gmt":"2023-11-12T13:13:18","slug":"neu-neu-neu","status":"publish","type":"post","link":"https:\/\/karatepraxis.com\/de\/neu-neu-neu","title":{"rendered":"Neu .. Anmeldung f\u00fcr Karatepraxis Retreats"},"content":{"rendered":"<p>Ab sofort Anmeldung \u00fcber die Homepage m\u00f6glich f\u00fcr alle Events und f\u00fcr Karatepraxis Retreats<\/p>\n\n\n\n<p>Und hier ist der Link<\/p>\n\n\n\n<p><a href=\"https:\/\/karatepraxis.wordpress.com\/termine\/\" target=\"_blank\" rel=\"noreferrer noopener\">Zum Anmeldeformular <\/a><\/p>\n\n\n\n<p>Meldet euch jetzt an f\u00fcr die kommenden Highlights!<\/p>","protected":false},"excerpt":{"rendered":"<p>Ab sofort Anmeldung \u00fcber die Homepage m\u00f6glich f\u00fcr alle Events und f\u00fcr Karatepraxis Retreats Und hier ist der Link Zum Anmeldeformular Meldet euch jetzt an f\u00fcr die kommenden Highlights!<\/p>","protected":false},"author":13,"featured_media":6120,"comment_status":"closed","ping_status":"closed","sticky":false,"template":"","format":"standard","meta":{"footnotes":""},"categories":[68],"tags":[],"class_list":["post-6121","post","type-post","status-publish","format-standard","has-post-thumbnail","hentry","category-lehrgaenge"],"_links":{"self":[{"href":"https:\/\/karatepraxis.com\/de\/wp-json\/wp\/v2\/posts\/6121","targetHints":{"allow":["GET"]}}],"collection":[{"href":"https:\/\/karatepraxis.com\/de\/wp-json\/wp\/v2\/posts"}],"about":[{"href":"https:\/\/karatepraxis.com\/de\/wp-json\/wp\/v2\/types\/post"}],"author":[{"embeddable":true,"href":"https:\/\/karatepraxis.com\/de\/wp-json\/wp\/v2\/users\/13"}],"replies":[{"embeddable":true,"href":"https:\/\/karatepraxis.com\/de\/wp-json\/wp\/v2\/comments?post=6121"}],"version-history":[{"count":0,"href":"https:\/\/karatepraxis.com\/de\/wp-json\/wp\/v2\/posts\/6121\/revisions"}],"wp:featuredmedia":[{"embeddable":true,"href":"https:\/\/karatepraxis.com\/de\/wp-json\/"}],"wp:attachment":[{"href":"https:\/\/karatepraxis.com\/de\/wp-json\/wp\/v2\/media?parent=6121"}],"wp:term":[{"taxonomy":"category","embeddable":true,"href":"https:\/\/karatepraxis.com\/de\/wp-json\/wp\/v2\/categories?post=6121"},{"taxonomy":"post_tag","embeddable":true,"href":"https:\/\/karatepraxis.com\/de\/wp-json\/wp\/v2\/tags?post=6121"}],"curies":[{"name":"wp","href":"https:\/\/api.w.org\/{rel}","templated":true}]}}