{"id":6026,"date":"2023-08-14T13:15:38","date_gmt":"2023-08-14T11:15:38","guid":{"rendered":"https:\/\/karatepraxis.wordpress.com\/?p=6026"},"modified":"2023-08-14T13:15:38","modified_gmt":"2023-08-14T11:15:38","slug":"karatepraxis-2024","status":"publish","type":"post","link":"https:\/\/karatepraxis.com\/de\/karatepraxis-2024","title":{"rendered":"KARATEPRAXIS Seminarliste f\u00fcr 2024"},"content":{"rendered":"<p>K\u00fcrzlich hatte ich mitgeteilt, dass Termine sich schnell f\u00fcllen und ihr Euch bitte kurzfristig melden sollte um euren Wunschtermin f\u00fcr einen Lehrgang bei euch noch zu sichern. <\/p>\n\n\n\n<p class=\"has-white-color has-vivid-red-background-color has-text-color has-background\">Hier nun ein paar Termine als vorab Info<\/p>\n\n\n\n<ul class=\"wp-block-list\">\n<li>13.-14. Januar Heian-Kata-System-Bunkai 1-3 in Frechen<\/li>\n\n\n\n<li>03.-04. Februar Heian-Kata-System-Bunkai 4-5 in Frechen<\/li>\n\n\n\n<li>24. Februar Bunkai beim Budokan K\u00f6ln Porz<\/li>\n\n\n\n<li>16.-17. M\u00e4rz Motiv Bunkai Bassai-Dai und Sho in Frechen<\/li>\n\n\n\n<li>13.-14. April Motiv Bunkai Empi und Sochin in Frechen <\/li>\n<\/ul>\n\n\n\n<p>Ihr k\u00f6nnt euch ab sofort anmelden unter info@karatepraxis.com<\/p>\n\n\n\n<p><\/p>","protected":false},"excerpt":{"rendered":"<p>K\u00fcrzlich hatte ich mitgeteilt, dass Termine sich schnell f\u00fcllen und ihr Euch bitte kurzfristig melden sollte um euren Wunschtermin f\u00fcr einen Lehrgang bei euch noch zu sichern. Hier nun ein paar Termine als vorab Info Ihr k\u00f6nnt euch ab sofort anmelden unter info@karatepraxis.com<\/p>","protected":false},"author":13,"featured_media":6025,"comment_status":"closed","ping_status":"closed","sticky":false,"template":"","format":"standard","meta":{"footnotes":""},"categories":[68],"tags":[17],"class_list":["post-6026","post","type-post","status-publish","format-standard","has-post-thumbnail","hentry","category-lehrgaenge","tag-karatepraxis-katabunkai-wca-christianwedewardt-karate-bunkai-kataapplication-dkv-selfdefense-kata-seminars-martial-arts-moderntradition-shotokan"],"_links":{"self":[{"href":"https:\/\/karatepraxis.com\/de\/wp-json\/wp\/v2\/posts\/6026","targetHints":{"allow":["GET"]}}],"collection":[{"href":"https:\/\/karatepraxis.com\/de\/wp-json\/wp\/v2\/posts"}],"about":[{"href":"https:\/\/karatepraxis.com\/de\/wp-json\/wp\/v2\/types\/post"}],"author":[{"embeddable":true,"href":"https:\/\/karatepraxis.com\/de\/wp-json\/wp\/v2\/users\/13"}],"replies":[{"embeddable":true,"href":"https:\/\/karatepraxis.com\/de\/wp-json\/wp\/v2\/comments?post=6026"}],"version-history":[{"count":0,"href":"https:\/\/karatepraxis.com\/de\/wp-json\/wp\/v2\/posts\/6026\/revisions"}],"wp:featuredmedia":[{"embeddable":true,"href":"https:\/\/karatepraxis.com\/de\/wp-json\/"}],"wp:attachment":[{"href":"https:\/\/karatepraxis.com\/de\/wp-json\/wp\/v2\/media?parent=6026"}],"wp:term":[{"taxonomy":"category","embeddable":true,"href":"https:\/\/karatepraxis.com\/de\/wp-json\/wp\/v2\/categories?post=6026"},{"taxonomy":"post_tag","embeddable":true,"href":"https:\/\/karatepraxis.com\/de\/wp-json\/wp\/v2\/tags?post=6026"}],"curies":[{"name":"wp","href":"https:\/\/api.w.org\/{rel}","templated":true}]}}