{"id":5996,"date":"2023-08-12T10:08:15","date_gmt":"2023-08-12T08:08:15","guid":{"rendered":"https:\/\/karatepraxis.wordpress.com\/?p=5996"},"modified":"2023-08-12T10:08:15","modified_gmt":"2023-08-12T08:08:15","slug":"christina-wedewardt-und-heiko-hoehn-werden-karatepraxis-trainer","status":"publish","type":"post","link":"https:\/\/karatepraxis.com\/de\/christina-wedewardt-und-heiko-hoehn-werden-karatepraxis-trainer","title":{"rendered":"Christina Wedewardt und Heiko H\u00f6hn werden Karatepraxis Trainer"},"content":{"rendered":"<p>Seit einigen Jahren sind Christina Wedewardt und Heiko H\u00f6hn als Karatepraxis Co-Trainer mit dem Team verbunden. <\/p>\n\n\n\n<p>Es wird nun Zeit den Co-Trainer Status aufzuheben, denn die beiden haben durch ihre Erfahrung im praktischen Karate insgesamt und im speziellen der Art und Weise wie wir als Karatepraxis Team unterrichten einen Platz im Trainer-Team verdient. <\/p>\n\n\n\n<p class=\"has-text-align-center has-black-color has-text-color\"><strong>Herzlich willkommen als neue Karatepraxis-Trainer<\/strong><\/p>\n\n\n\n<figure class=\"wp-block-image size-large\"><img decoding=\"async\" src=\"https:\/\/karatepraxis.wordpress.com\/wp-content\/uploads\/2023\/06\/inshot_20230609_0915486873754171321122678551.jpg?w=1024\" alt=\"\" class=\"wp-image-5997\" \/><figcaption class=\"wp-element-caption\">Christina Wedewardt und Heiko H\u00f6hn &#8211; neue Karatepraxis Trainer 2023<\/figcaption><\/figure>\n\n\n\n<p>Christina wird sich als Schwerpunkt mit dem Themen Karatepraxis4Kids und Karate-SV von Frauen f\u00fcr Frauen befassen.<\/p>\n\n\n\n<p>Heiko hat mit seinem eigenen Dojo: &#8220;SV-Karate H\u00f6hn&#8221; einen Karatepraxis-St\u00fctzpunkt in Weiler bei Bingen und besch\u00e4ftigt sich im Schwerpunkt mit dem Thema Selbstschutz und Selbstverteidigung.<\/p>\n\n\n\n<p><\/p>","protected":false},"excerpt":{"rendered":"<p>Seit einigen Jahren sind Christina Wedewardt und Heiko H\u00f6hn als Karatepraxis Co-Trainer mit dem Team verbunden. Es wird nun Zeit den Co-Trainer Status aufzuheben, denn die beiden haben durch ihre Erfahrung im praktischen Karate insgesamt und im speziellen der Art und Weise wie wir als Karatepraxis Team unterrichten einen Platz im Trainer-Team verdient. Herzlich willkommen [&hellip;]<\/p>\n","protected":false},"author":13,"featured_media":5995,"comment_status":"closed","ping_status":"closed","sticky":false,"template":"","format":"standard","meta":{"footnotes":""},"categories":[68],"tags":[],"class_list":["post-5996","post","type-post","status-publish","format-standard","has-post-thumbnail","hentry","category-lehrgaenge"],"_links":{"self":[{"href":"https:\/\/karatepraxis.com\/de\/wp-json\/wp\/v2\/posts\/5996","targetHints":{"allow":["GET"]}}],"collection":[{"href":"https:\/\/karatepraxis.com\/de\/wp-json\/wp\/v2\/posts"}],"about":[{"href":"https:\/\/karatepraxis.com\/de\/wp-json\/wp\/v2\/types\/post"}],"author":[{"embeddable":true,"href":"https:\/\/karatepraxis.com\/de\/wp-json\/wp\/v2\/users\/13"}],"replies":[{"embeddable":true,"href":"https:\/\/karatepraxis.com\/de\/wp-json\/wp\/v2\/comments?post=5996"}],"version-history":[{"count":0,"href":"https:\/\/karatepraxis.com\/de\/wp-json\/wp\/v2\/posts\/5996\/revisions"}],"wp:featuredmedia":[{"embeddable":true,"href":"https:\/\/karatepraxis.com\/de\/wp-json\/"}],"wp:attachment":[{"href":"https:\/\/karatepraxis.com\/de\/wp-json\/wp\/v2\/media?parent=5996"}],"wp:term":[{"taxonomy":"category","embeddable":true,"href":"https:\/\/karatepraxis.com\/de\/wp-json\/wp\/v2\/categories?post=5996"},{"taxonomy":"post_tag","embeddable":true,"href":"https:\/\/karatepraxis.com\/de\/wp-json\/wp\/v2\/tags?post=5996"}],"curies":[{"name":"wp","href":"https:\/\/api.w.org\/{rel}","templated":true}]}}