{"id":5982,"date":"2023-04-20T18:03:44","date_gmt":"2023-04-20T16:03:44","guid":{"rendered":"https:\/\/karatepraxis.wordpress.com\/?p=5982"},"modified":"2023-04-20T18:03:44","modified_gmt":"2023-04-20T16:03:44","slug":"karatepraxis-wochenende-in-beverstedt-mit-christian-wedewardt","status":"publish","type":"post","link":"https:\/\/karatepraxis.com\/de\/karatepraxis-wochenende-in-beverstedt-mit-christian-wedewardt","title":{"rendered":"Karatepraxis Wochenende in Beverstedt mit Christian Wedewardt"},"content":{"rendered":"<p class=\"has-white-color has-vivid-red-background-color has-text-color has-background\">13.-14. Mai 2023<\/p>\n\n\n\n<p>Motiv-Bunkai ist die ultimative Suche nach dem Warum der Katas. <\/p>\n\n\n\n<p>Was ist Ihre Information f\u00fcr die \u00dcbenden. Was ist der Grund f\u00fcr die beinhalteten St\u00e4nde, Richtungen, Techniken, Strukturen, Prinzipien, Alternativen und Taktiken, sowie offensive und defensive Bewegungen?<\/p>\n\n\n\n<p>Motiv-Bunkai enth\u00fcllt das Kampfsystem formuliert in der Kata!<\/p>\n\n\n\n<figure class=\"wp-block-image size-large\"><img decoding=\"async\" src=\"https:\/\/karatepraxis.wordpress.com\/wp-content\/uploads\/2023\/02\/2023_05_13-14-motiv-bunkai_hksb_ksv_beverstedt_page_1.jpg?w=724\" alt=\"\" class=\"wp-image-5943\" \/><\/figure>\n\n\n\n<figure class=\"wp-block-image\"><img decoding=\"async\" src=\"https:\/\/karatepraxis.wordpress.com\/wp-content\/uploads\/2023\/02\/2023_05_13-14-motiv-bunkai_hksb_ksv_beverstedt_page_2.jpg\" alt=\"\" class=\"wp-image-5944\" \/><\/figure>","protected":false},"excerpt":{"rendered":"<p>13.-14. Mai 2023 Motiv-Bunkai ist die ultimative Suche nach dem Warum der Katas. Was ist Ihre Information f\u00fcr die \u00dcbenden. Was ist der Grund f\u00fcr die beinhalteten St\u00e4nde, Richtungen, Techniken, Strukturen, Prinzipien, Alternativen und Taktiken, sowie offensive und defensive Bewegungen? Motiv-Bunkai enth\u00fcllt das Kampfsystem formuliert in der Kata!<\/p>","protected":false},"author":13,"featured_media":5983,"comment_status":"closed","ping_status":"closed","sticky":false,"template":"","format":"standard","meta":{"footnotes":""},"categories":[68],"tags":[],"class_list":["post-5982","post","type-post","status-publish","format-standard","has-post-thumbnail","hentry","category-lehrgaenge"],"_links":{"self":[{"href":"https:\/\/karatepraxis.com\/de\/wp-json\/wp\/v2\/posts\/5982","targetHints":{"allow":["GET"]}}],"collection":[{"href":"https:\/\/karatepraxis.com\/de\/wp-json\/wp\/v2\/posts"}],"about":[{"href":"https:\/\/karatepraxis.com\/de\/wp-json\/wp\/v2\/types\/post"}],"author":[{"embeddable":true,"href":"https:\/\/karatepraxis.com\/de\/wp-json\/wp\/v2\/users\/13"}],"replies":[{"embeddable":true,"href":"https:\/\/karatepraxis.com\/de\/wp-json\/wp\/v2\/comments?post=5982"}],"version-history":[{"count":0,"href":"https:\/\/karatepraxis.com\/de\/wp-json\/wp\/v2\/posts\/5982\/revisions"}],"wp:featuredmedia":[{"embeddable":true,"href":"https:\/\/karatepraxis.com\/de\/wp-json\/"}],"wp:attachment":[{"href":"https:\/\/karatepraxis.com\/de\/wp-json\/wp\/v2\/media?parent=5982"}],"wp:term":[{"taxonomy":"category","embeddable":true,"href":"https:\/\/karatepraxis.com\/de\/wp-json\/wp\/v2\/categories?post=5982"},{"taxonomy":"post_tag","embeddable":true,"href":"https:\/\/karatepraxis.com\/de\/wp-json\/wp\/v2\/tags?post=5982"}],"curies":[{"name":"wp","href":"https:\/\/api.w.org\/{rel}","templated":true}]}}