{"id":5974,"date":"2023-04-16T17:43:42","date_gmt":"2023-04-16T15:43:42","guid":{"rendered":"https:\/\/karatepraxis.wordpress.com\/?p=5974"},"modified":"2023-04-16T17:43:42","modified_gmt":"2023-04-16T15:43:42","slug":"karatepraxis-mit-christian-wedewardt-in-der-schweiz","status":"publish","type":"post","link":"https:\/\/karatepraxis.com\/de\/karatepraxis-mit-christian-wedewardt-in-der-schweiz","title":{"rendered":"Karatepraxis mit Christian Wedewardt in der Schweiz"},"content":{"rendered":"<p class=\"has-white-color has-vivid-red-background-color has-text-color has-background\">29.04.-30.04. 2024 in Toffen Motiv-Bunkai <\/p>\n\n\n\n<p>Motiv Bunkai ist die ultimative Suche nach dem Warum der Katas. Was ist Ihre Information f\u00fcr die \u00dcbenden. Was ist der Grund f\u00fcr die beinhalteten St\u00e4nde, Richtungen, Techniken, Strukturen, Prinzipien, Alternativen und Taktiken, sowie offensive und defensive Bewegungen?<br>Motiv-Bunkai enth\u00fcllt das Kampfsystem formuliert in der Kata! <\/p>\n\n\n\n<figure class=\"wp-block-image size-large\"><img decoding=\"async\" src=\"https:\/\/karatepraxis.wordpress.com\/wp-content\/uploads\/2023\/04\/wp-16816588766941126493867799709415.jpg?w=791\" alt=\"\" class=\"wp-image-5962\" \/><figcaption class=\"wp-element-caption\">Christian Wedewardt in Toffen Motiv-Bunkai 2023<\/figcaption><\/figure>","protected":false},"excerpt":{"rendered":"<p>29.04.-30.04. 2024 in Toffen Motiv-Bunkai Motiv Bunkai ist die ultimative Suche nach dem Warum der Katas. Was ist Ihre Information f\u00fcr die \u00dcbenden. Was ist der Grund f\u00fcr die beinhalteten St\u00e4nde, Richtungen, Techniken, Strukturen, Prinzipien, Alternativen und Taktiken, sowie offensive und defensive Bewegungen?Motiv-Bunkai enth\u00fcllt das Kampfsystem formuliert in der Kata!<\/p>","protected":false},"author":13,"featured_media":5977,"comment_status":"closed","ping_status":"closed","sticky":false,"template":"","format":"standard","meta":{"footnotes":""},"categories":[68],"tags":[],"class_list":["post-5974","post","type-post","status-publish","format-standard","has-post-thumbnail","hentry","category-lehrgaenge"],"_links":{"self":[{"href":"https:\/\/karatepraxis.com\/de\/wp-json\/wp\/v2\/posts\/5974","targetHints":{"allow":["GET"]}}],"collection":[{"href":"https:\/\/karatepraxis.com\/de\/wp-json\/wp\/v2\/posts"}],"about":[{"href":"https:\/\/karatepraxis.com\/de\/wp-json\/wp\/v2\/types\/post"}],"author":[{"embeddable":true,"href":"https:\/\/karatepraxis.com\/de\/wp-json\/wp\/v2\/users\/13"}],"replies":[{"embeddable":true,"href":"https:\/\/karatepraxis.com\/de\/wp-json\/wp\/v2\/comments?post=5974"}],"version-history":[{"count":0,"href":"https:\/\/karatepraxis.com\/de\/wp-json\/wp\/v2\/posts\/5974\/revisions"}],"wp:featuredmedia":[{"embeddable":true,"href":"https:\/\/karatepraxis.com\/de\/wp-json\/"}],"wp:attachment":[{"href":"https:\/\/karatepraxis.com\/de\/wp-json\/wp\/v2\/media?parent=5974"}],"wp:term":[{"taxonomy":"category","embeddable":true,"href":"https:\/\/karatepraxis.com\/de\/wp-json\/wp\/v2\/categories?post=5974"},{"taxonomy":"post_tag","embeddable":true,"href":"https:\/\/karatepraxis.com\/de\/wp-json\/wp\/v2\/tags?post=5974"}],"curies":[{"name":"wp","href":"https:\/\/api.w.org\/{rel}","templated":true}]}}