{"id":5959,"date":"2023-04-05T09:12:50","date_gmt":"2023-04-05T07:12:50","guid":{"rendered":"https:\/\/karatepraxis.wordpress.com\/2023\/04\/05\/karatepraxis-deutschland-dojo-tour-23\/"},"modified":"2023-04-05T09:12:50","modified_gmt":"2023-04-05T07:12:50","slug":"karatepraxis-deutschland-dojo-tour-23","status":"publish","type":"post","link":"https:\/\/karatepraxis.com\/de\/karatepraxis-deutschland-dojo-tour-23","title":{"rendered":"Karatepraxis Deutschland Dojo Tour 23"},"content":{"rendered":"<p><strong>Jetzt bewerben!<\/strong> <br><br>Karatepraxis plant ein neues, tolles Format!<br><br><strong>Die Karatepraxis Deutschland-Dojo-Tour 2023<\/strong><br><strong>Montag, 26.06.23 &#8211; Samstag, 01.07.2023<\/strong><\/p>\n\n\n\n<figure class=\"wp-block-image size-large\"><img decoding=\"async\" src=\"https:\/\/karatepraxis.wordpress.com\/wp-content\/uploads\/2023\/04\/inshot_20230405_0852427578423896925002681966.jpg?w=1024\" alt=\"\" class=\"wp-image-5956\" \/><\/figure>\n\n\n\n<p><br>Christian &amp; Christina Wedewardt reisen durch Deutschland und bieten an:<br><br>6 Tage, 6 Orte, 6 Dojos, 6x praktisches Karate!<br>Vollkommen honorarfrei f\u00fcr Euch!!!<\/p>\n\n\n\n<figure class=\"wp-block-image size-large\"><img decoding=\"async\" src=\"https:\/\/karatepraxis.wordpress.com\/wp-content\/uploads\/2023\/04\/karatepraxis-deutschlandtour2861004270408668033.jpg?w=1024\" alt=\"\" class=\"wp-image-5957\" \/><\/figure>\n\n\n\n<p><br><br>Offen f\u00fcr alle die Karate lieben, ab 6 Jahren, ab 9. Kyu.<br>Wirklich jeder kann mitmachen!<br><br><strong>M\u00f6gliche Trainingsinhalte als Beispiele:<\/strong><br><br>* Das Heian-Kata-Bunkai-System,<br><br>* Motiv-Bunkai zu Dan Katas,<br><br>* Pratzentraining und -drills, Karate-SV (Selbstverteidigung mit Karate), <br><br>* Hebel, Feger, W\u00fcrfe im Karate,<br><br>* Karatepraxis4Kids, <br><br>* u.v.m.<br><br>Alles ist m\u00f6glich!<br><br>Eine Karatepraxis4Kids Einheit (60 Min) von 6-11 Jahren ist ebenfalls f\u00fcr Eure Kids m\u00f6glich und sollte in der Woche fr\u00fchestens um 17:00 Uhr beginnen. \u00a0\u00a0<br>In der Woche sollten die Trainingseinheiten ab 12 Jahren dann ab fr\u00fchestens 18:00 Uhr beginnen und 90-120 Minuten dauern.<br>Samstags in einer Zeitspanne von 10 bis 14 Uhr.<br><br>Wie funktioniert es?<br><br>Ihr bewerbt Euch mit Eurem Dojo unter: info@karatepraxis.com<br><br>Bitte nennt Eure Daten:<br><br> Dojo Name<br><br> Stilrichtung<br><br> Ort\u00a0<br><br> Postleitzahl<br><br> Name Kontaktperson<br><br> Telefon &amp; Email Kontaktperson<br><br> M\u00f6gliche Abende in der Woche inkl. Zeiten<br><br> M\u00f6glicher Samstag\u00a0<br><br> Bitte nennt alle m\u00f6glichen Tage &amp; Zeitfenster.<br><br> Eure erwartete Teilnehmerzahl\u00a0<br><br><strong>Was kostet es?<\/strong><br><strong>Nichts! <\/strong><br><br>Es ist f\u00fcr den ausrichtenden Verein frei eines Honorars.<br>Alles was Ihr f\u00fcr Christian &amp; Christina Wedewardt bereitstellen m\u00fcsstet w\u00e4re:<br><br>* Ein Tourguide der nachmittags ein bisschen Euren Ort zeigt und erkl\u00e4rt.<br><br>* Ein Abendessen f\u00fcr zwei<br>Eine Schlafgelegenheit f\u00fcr zwei (gerne privat)<br><br>* Fr\u00fchst\u00fcck f\u00fcr zwei<br><br>Sobald ihr eine Zusage habt, braucht ihr lediglich Euer Dojo und befreundete Vereine informieren und alle haben an jedem Ort ein fantastisches Erlebnis ohne viel Aufwand.<br><br>Nat\u00fcrlich besteht auch die M\u00f6glichkeit sich der Tour ganz oder teilweise, aber in Eigenorganisation anzuschlie\u00dfen.<br>Kommt einfach mit und erlebt euer eigenes Karate-Road-Movie 2023.<br>Sofern dazu Interesse besteht, bitte ebenfalls melden unter info@karatepraxis.com<br><br>Bei Fragen k\u00f6nnt ihr auch gerne  telefonisch Kontakt aufnehmen<br>015127572971<\/p>","protected":false},"excerpt":{"rendered":"<p>Jetzt bewerben! Karatepraxis plant ein neues, tolles Format! Die Karatepraxis Deutschland-Dojo-Tour 2023Montag, 26.06.23 &#8211; Samstag, 01.07.2023 Christian &amp; Christina Wedewardt reisen durch Deutschland und bieten an: 6 Tage, 6 Orte, 6 Dojos, 6x praktisches Karate!Vollkommen honorarfrei f\u00fcr Euch!!! Offen f\u00fcr alle die Karate lieben, ab 6 Jahren, ab 9. Kyu.Wirklich jeder kann mitmachen! M\u00f6gliche Trainingsinhalte [&hellip;]<\/p>\n","protected":false},"author":13,"featured_media":5958,"comment_status":"closed","ping_status":"closed","sticky":false,"template":"","format":"standard","meta":{"footnotes":""},"categories":[68],"tags":[],"class_list":["post-5959","post","type-post","status-publish","format-standard","has-post-thumbnail","hentry","category-lehrgaenge"],"_links":{"self":[{"href":"https:\/\/karatepraxis.com\/de\/wp-json\/wp\/v2\/posts\/5959","targetHints":{"allow":["GET"]}}],"collection":[{"href":"https:\/\/karatepraxis.com\/de\/wp-json\/wp\/v2\/posts"}],"about":[{"href":"https:\/\/karatepraxis.com\/de\/wp-json\/wp\/v2\/types\/post"}],"author":[{"embeddable":true,"href":"https:\/\/karatepraxis.com\/de\/wp-json\/wp\/v2\/users\/13"}],"replies":[{"embeddable":true,"href":"https:\/\/karatepraxis.com\/de\/wp-json\/wp\/v2\/comments?post=5959"}],"version-history":[{"count":0,"href":"https:\/\/karatepraxis.com\/de\/wp-json\/wp\/v2\/posts\/5959\/revisions"}],"wp:featuredmedia":[{"embeddable":true,"href":"https:\/\/karatepraxis.com\/de\/wp-json\/"}],"wp:attachment":[{"href":"https:\/\/karatepraxis.com\/de\/wp-json\/wp\/v2\/media?parent=5959"}],"wp:term":[{"taxonomy":"category","embeddable":true,"href":"https:\/\/karatepraxis.com\/de\/wp-json\/wp\/v2\/categories?post=5959"},{"taxonomy":"post_tag","embeddable":true,"href":"https:\/\/karatepraxis.com\/de\/wp-json\/wp\/v2\/tags?post=5959"}],"curies":[{"name":"wp","href":"https:\/\/api.w.org\/{rel}","templated":true}]}}