{"id":5934,"date":"2024-02-12T18:08:08","date_gmt":"2024-02-12T17:08:08","guid":{"rendered":"https:\/\/karatepraxis.wordpress.com\/2022\/12\/16\/karatepraxis-softshell-jacke\/"},"modified":"2024-02-12T18:08:08","modified_gmt":"2024-02-12T17:08:08","slug":"karatepraxis-softshell-jacke","status":"publish","type":"post","link":"https:\/\/karatepraxis.com\/de\/karatepraxis-softshell-jacke","title":{"rendered":"Karatepraxis Softshell Jacke"},"content":{"rendered":"<figure class=\"wp-block-gallery has-nested-images columns-default is-cropped wp-block-gallery-1 is-layout-flex wp-block-gallery-is-layout-flex\">\n<figure class=\"wp-block-image size-large\"><img decoding=\"async\" data-id=\"5931\" src=\"https:\/\/karatepraxis.wordpress.com\/wp-content\/uploads\/2022\/12\/img_20221201_105400_1575962657652720979086.jpg?w=1024\" alt=\"\" class=\"wp-image-5931\"\/><\/figure>\n\n\n\n<figure class=\"wp-block-image size-large\"><img decoding=\"async\" data-id=\"5929\" src=\"https:\/\/karatepraxis.wordpress.com\/wp-content\/uploads\/2022\/12\/img_20221201_105400_2094064905087281161544.jpg?w=1024\" alt=\"\" class=\"wp-image-5929\"\/><\/figure>\n\n\n\n<figure class=\"wp-block-image size-large\"><img decoding=\"async\" data-id=\"5930\" src=\"https:\/\/karatepraxis.wordpress.com\/wp-content\/uploads\/2022\/12\/img_20221201_105400_2564016210833703203002.jpg?w=1024\" alt=\"\" class=\"wp-image-5930\"\/><\/figure>\n\n\n\n<figure class=\"wp-block-image size-large\"><img decoding=\"async\" data-id=\"5932\" src=\"https:\/\/karatepraxis.wordpress.com\/wp-content\/uploads\/2022\/12\/img_20221201_105400_2833154511329431459424.jpg?w=1024\" alt=\"\" class=\"wp-image-5932\"\/><\/figure>\n<\/figure>\n\n\n\n<p class=\"has-white-color has-vivid-red-background-color has-text-color has-background\">Bestellaktion bis 29.02.2024<\/p>\n\n\n\n<p>Nach dem gro\u00dfen Erfolg in 2022 geht es in die n\u00e4chste Runde!<\/p>\n\n\n\n<p>Karatepraxis Softshell Jacke!<\/p>\n\n\n\n<p>Farbe: schwarz oder dunkelgrau<\/p>\n\n\n\n<p>Aufwendige Bestickung vorne auf der Herzseite, rechter \u00c4rmel und gro\u00df auf dem R\u00fccken.<\/p>\n\n\n\n<p>Siehe Beispiel Bilder<\/p>\n\n\n\n<p>Preis frei Haus zu Dir nur 89,95 Euro<\/p>\n\n\n\n<p>Lieferung erfolgt im Mai 24<\/p>\n\n\n\n<p>Bestellung mit Angabe deiner Gr\u00f6\u00dfe. Auch Lady Gr\u00f6\u00dfen und Kindergr\u00f6\u00dfen verf\u00fcgbar.<\/p>\n\n\n\n<p>Hast du Lust auf eine tolle, hochwertige Karatepraxis-Jacke, dann bestelle jetzt per Mail an:<\/p>\n\n\n\n<p><strong>info@karatepraxis.com<\/strong><\/p>\n\n\n\n<p>Bezahlinfos folgen nach Bestellung.<\/p>","protected":false},"excerpt":{"rendered":"<p>Bestellaktion bis 29.02.2024 Nach dem gro\u00dfen Erfolg in 2022 geht es in die n\u00e4chste Runde! Karatepraxis Softshell Jacke! Farbe: schwarz oder dunkelgrau Aufwendige Bestickung vorne auf der Herzseite, rechter \u00c4rmel und gro\u00df auf dem R\u00fccken. Siehe Beispiel Bilder Preis frei Haus zu Dir nur 89,95 Euro Lieferung erfolgt im Mai 24 Bestellung mit Angabe deiner [&hellip;]<\/p>\n","protected":false},"author":13,"featured_media":5933,"comment_status":"closed","ping_status":"closed","sticky":false,"template":"","format":"standard","meta":{"footnotes":""},"categories":[68],"tags":[],"class_list":["post-5934","post","type-post","status-publish","format-standard","has-post-thumbnail","hentry","category-lehrgaenge"],"_links":{"self":[{"href":"https:\/\/karatepraxis.com\/de\/wp-json\/wp\/v2\/posts\/5934","targetHints":{"allow":["GET"]}}],"collection":[{"href":"https:\/\/karatepraxis.com\/de\/wp-json\/wp\/v2\/posts"}],"about":[{"href":"https:\/\/karatepraxis.com\/de\/wp-json\/wp\/v2\/types\/post"}],"author":[{"embeddable":true,"href":"https:\/\/karatepraxis.com\/de\/wp-json\/wp\/v2\/users\/13"}],"replies":[{"embeddable":true,"href":"https:\/\/karatepraxis.com\/de\/wp-json\/wp\/v2\/comments?post=5934"}],"version-history":[{"count":0,"href":"https:\/\/karatepraxis.com\/de\/wp-json\/wp\/v2\/posts\/5934\/revisions"}],"wp:featuredmedia":[{"embeddable":true,"href":"https:\/\/karatepraxis.com\/de\/wp-json\/"}],"wp:attachment":[{"href":"https:\/\/karatepraxis.com\/de\/wp-json\/wp\/v2\/media?parent=5934"}],"wp:term":[{"taxonomy":"category","embeddable":true,"href":"https:\/\/karatepraxis.com\/de\/wp-json\/wp\/v2\/categories?post=5934"},{"taxonomy":"post_tag","embeddable":true,"href":"https:\/\/karatepraxis.com\/de\/wp-json\/wp\/v2\/tags?post=5934"}],"curies":[{"name":"wp","href":"https:\/\/api.w.org\/{rel}","templated":true}]}}