{"id":13874,"date":"2025-04-28T08:43:36","date_gmt":"2025-04-28T08:43:36","guid":{"rendered":"https:\/\/karatepraxis.com\/?p=13874"},"modified":"2025-04-28T08:43:36","modified_gmt":"2025-04-28T08:43:36","slug":"freier-termin","status":"publish","type":"post","link":"https:\/\/karatepraxis.com\/de\/freier-termin","title":{"rendered":"Freier Termin f\u00fcr das Jahr 2025 im Juli"},"content":{"rendered":"<figure class=\"wp-block-image size-large\"><img decoding=\"async\" src=\"https:\/\/new.karatepraxis.com\/wp-content\/uploads\/2025\/04\/inshot_20250428_1032578917882238889496233269-1024x768.jpg\" alt=\"\" class=\"wp-image-13872\"\/><\/figure>\n\n\n\n<p>Kurzfristiger Termin f\u00fcr Karatepraxis-Lehrgang mit Christian Wedewardt frei!<br><br>Am 26. und 27. Juli 2025 ist kurzfristig ein Termin f\u00fcr einen Karate-Praxis-Lehrgang frei geworden!<br><br>Interessierte k\u00f6nnen sich ab sofort melden, um entweder einen Tageslehrgang am Samstag, den 26. Juli, oder einen Wochenend-Lehrgang vom 26. bis 27. Juli 2025 auszurichten.<br><br>Bitte meldet euch schnellstm\u00f6glich per E-Mail an info@karatepraxis.com oder per WhatsApp unter 0151 2757 2971.<br><br>#Christianwedewardt #Karatepraxis #Train4YourLife #Mantrifftsichtzweimal #Verdichtungsgarantie #EinErlebnisDasDuNichtVergisst<\/p>","protected":false},"excerpt":{"rendered":"<p>Kurzfristiger Termin f\u00fcr Karatepraxis-Lehrgang mit Christian Wedewardt frei! Am 26. und 27. Juli 2025 ist kurzfristig ein Termin f\u00fcr einen Karate-Praxis-Lehrgang frei geworden! Interessierte k\u00f6nnen sich ab sofort melden, um entweder einen Tageslehrgang am Samstag, den 26. Juli, oder einen Wochenend-Lehrgang vom 26. bis 27. Juli 2025 auszurichten. Bitte meldet euch schnellstm\u00f6glich per E-Mail an [&hellip;]<\/p>\n","protected":false},"author":13,"featured_media":0,"comment_status":"closed","ping_status":"open","sticky":false,"template":"","format":"standard","meta":{"footnotes":""},"categories":[1],"tags":[],"class_list":["post-13874","post","type-post","status-publish","format-standard","hentry","category-uncategorized"],"_links":{"self":[{"href":"https:\/\/karatepraxis.com\/de\/wp-json\/wp\/v2\/posts\/13874","targetHints":{"allow":["GET"]}}],"collection":[{"href":"https:\/\/karatepraxis.com\/de\/wp-json\/wp\/v2\/posts"}],"about":[{"href":"https:\/\/karatepraxis.com\/de\/wp-json\/wp\/v2\/types\/post"}],"author":[{"embeddable":true,"href":"https:\/\/karatepraxis.com\/de\/wp-json\/wp\/v2\/users\/13"}],"replies":[{"embeddable":true,"href":"https:\/\/karatepraxis.com\/de\/wp-json\/wp\/v2\/comments?post=13874"}],"version-history":[{"count":0,"href":"https:\/\/karatepraxis.com\/de\/wp-json\/wp\/v2\/posts\/13874\/revisions"}],"wp:attachment":[{"href":"https:\/\/karatepraxis.com\/de\/wp-json\/wp\/v2\/media?parent=13874"}],"wp:term":[{"taxonomy":"category","embeddable":true,"href":"https:\/\/karatepraxis.com\/de\/wp-json\/wp\/v2\/categories?post=13874"},{"taxonomy":"post_tag","embeddable":true,"href":"https:\/\/karatepraxis.com\/de\/wp-json\/wp\/v2\/tags?post=13874"}],"curies":[{"name":"wp","href":"https:\/\/api.w.org\/{rel}","templated":true}]}}