{"id":13492,"date":"2025-02-28T11:46:21","date_gmt":"2025-02-28T11:46:21","guid":{"rendered":"https:\/\/karatepraxis.com\/?p=13492"},"modified":"2025-02-28T11:46:21","modified_gmt":"2025-02-28T11:46:21","slug":"die-karatepraxis-team-bag","status":"publish","type":"post","link":"https:\/\/karatepraxis.com\/de\/die-karatepraxis-team-bag","title":{"rendered":"Die Karatepraxis-Team-Bag"},"content":{"rendered":"<figure class=\"wp-block-gallery has-nested-images columns-default is-cropped wp-block-gallery-1 is-layout-flex wp-block-gallery-is-layout-flex\">\n<figure class=\"wp-block-image size-large\"><img decoding=\"async\" data-id=\"13486\" src=\"https:\/\/new.karatepraxis.com\/wp-content\/uploads\/2025\/02\/img_20250206_17322722018070917731829736-742x1024.jpg\" alt=\"\" class=\"wp-image-13486\"\/><\/figure>\n\n\n\n<figure class=\"wp-block-image size-large\"><img decoding=\"async\" data-id=\"13487\" src=\"https:\/\/new.karatepraxis.com\/wp-content\/uploads\/2025\/02\/img_20250206_17321524103372045847037991-1024x549.jpg\" alt=\"\" class=\"wp-image-13487\"\/><\/figure>\n\n\n\n<figure class=\"wp-block-image size-large\"><img decoding=\"async\" data-id=\"13488\" src=\"https:\/\/new.karatepraxis.com\/wp-content\/uploads\/2025\/02\/img_20250206_17324323635771124095914686-1024x768.jpg\" alt=\"\" class=\"wp-image-13488\"\/><\/figure>\n\n\n\n<figure class=\"wp-block-image size-large\"><img decoding=\"async\" data-id=\"13485\" src=\"https:\/\/new.karatepraxis.com\/wp-content\/uploads\/2025\/02\/img_20250206_17333326495278250196759799-587x1024.jpg\" alt=\"\" class=\"wp-image-13485\"\/><\/figure>\n\n\n\n<figure class=\"wp-block-image size-large\"><img decoding=\"async\" data-id=\"13489\" src=\"https:\/\/new.karatepraxis.com\/wp-content\/uploads\/2025\/02\/img_20250206_17330925829592482560914267-768x1024.jpg\" alt=\"\" class=\"wp-image-13489\"\/><\/figure>\n\n\n\n<figure class=\"wp-block-image size-large\"><img decoding=\"async\" data-id=\"13490\" src=\"https:\/\/new.karatepraxis.com\/wp-content\/uploads\/2025\/02\/img_20250216_1619135518566217388670100-768x1024.jpg\" alt=\"\" class=\"wp-image-13490\"\/><\/figure>\n<\/figure>\n\n\n\n<p>Ganz neu!!!<br>Die Karatepraxis-Team-Bag<br><br>Endlich keine Kompromisse mehr. Mit 75x35x30cm und ca 74 Liter Inhalt ist die Tasche wirklich gro\u00df genug f\u00fcr alles was der Karateka so mit sich f\u00fchrt.<br><br>Viele kluge Details machen die Tasche zum perfekten Begleiter:<\/p>\n\n\n\n<p><br>\u2705 Rei\u00dfverschlussf\u00e4cher an beiden Kopfenden <br>\u2705 Gro\u00dfe Rei\u00dfverschlussf\u00e4cher an beiden langen Seiten <br>\u2705 Gro\u00dfes Rei\u00dfverschlussfach auf der Innenseite des Deckels <br>\u2705 Rucksacktr\u00e4ger auf der Unterseite (wenn der Weg Mal l\u00e4nger ist<br><br>Die Qualit\u00e4t ist wie immer bei Karatepraxis Angeboten: Premium und der Preis mehr als Fair!<br><br><strong>79,90 Euro plus Versand 7,50 Euro <\/strong><br><br>Und jetzt das Beste:<br><br><strong>Bestelle jetzt und werde ein Teil der LIMITED EDITION mit # Nr. 1 &#8211; 30<\/strong><br><br>Du hast es dir verdient!<br><br>\u270a\ud83e\udd29\ud83d\ude4c<\/p>","protected":false},"excerpt":{"rendered":"<p>Ganz neu!!!Die Karatepraxis-Team-Bag Endlich keine Kompromisse mehr. Mit 75x35x30cm und ca 74 Liter Inhalt ist die Tasche wirklich gro\u00df genug f\u00fcr alles was der Karateka so mit sich f\u00fchrt. Viele kluge Details machen die Tasche zum perfekten Begleiter: \u2705 Rei\u00dfverschlussf\u00e4cher an beiden Kopfenden \u2705 Gro\u00dfe Rei\u00dfverschlussf\u00e4cher an beiden langen Seiten \u2705 Gro\u00dfes Rei\u00dfverschlussfach auf der [&hellip;]<\/p>\n","protected":false},"author":13,"featured_media":13491,"comment_status":"open","ping_status":"open","sticky":false,"template":"","format":"standard","meta":{"footnotes":""},"categories":[1],"tags":[],"class_list":["post-13492","post","type-post","status-publish","format-standard","has-post-thumbnail","hentry","category-uncategorized"],"_links":{"self":[{"href":"https:\/\/karatepraxis.com\/de\/wp-json\/wp\/v2\/posts\/13492","targetHints":{"allow":["GET"]}}],"collection":[{"href":"https:\/\/karatepraxis.com\/de\/wp-json\/wp\/v2\/posts"}],"about":[{"href":"https:\/\/karatepraxis.com\/de\/wp-json\/wp\/v2\/types\/post"}],"author":[{"embeddable":true,"href":"https:\/\/karatepraxis.com\/de\/wp-json\/wp\/v2\/users\/13"}],"replies":[{"embeddable":true,"href":"https:\/\/karatepraxis.com\/de\/wp-json\/wp\/v2\/comments?post=13492"}],"version-history":[{"count":0,"href":"https:\/\/karatepraxis.com\/de\/wp-json\/wp\/v2\/posts\/13492\/revisions"}],"wp:featuredmedia":[{"embeddable":true,"href":"https:\/\/karatepraxis.com\/de\/wp-json\/wp\/v2\/media\/13491"}],"wp:attachment":[{"href":"https:\/\/karatepraxis.com\/de\/wp-json\/wp\/v2\/media?parent=13492"}],"wp:term":[{"taxonomy":"category","embeddable":true,"href":"https:\/\/karatepraxis.com\/de\/wp-json\/wp\/v2\/categories?post=13492"},{"taxonomy":"post_tag","embeddable":true,"href":"https:\/\/karatepraxis.com\/de\/wp-json\/wp\/v2\/tags?post=13492"}],"curies":[{"name":"wp","href":"https:\/\/api.w.org\/{rel}","templated":true}]}}